{"id":2231,"date":"2023-09-07T08:57:16","date_gmt":"2023-09-07T08:57:16","guid":{"rendered":"https:\/\/oakpower.es\/en\/?p=2231"},"modified":"2023-09-07T09:13:05","modified_gmt":"2023-09-07T09:13:05","slug":"jornada-arrenta-2023-el-continuo-impulso-del-alquiler-en-los-medios","status":"publish","type":"post","link":"https:\/\/oakpower.es\/en\/jornada-arrenta-2023-el-continuo-impulso-del-alquiler-en-los-medios\/","title":{"rendered":"JORNADA ARRENTA 2023. EL CONTINUO IMPULSO DEL ALQUILER EN LOS MEDIOS"},"content":{"rendered":"<p><span style=\"font-size: 14pt; color: #000000;\">La Jornada ARRENTA \u201cEspacio Alquiler 2023\u201d, que llega con vocaci\u00f3n de repetir convocatoria anualmente, ha reunido a profesionales inmobiliarios, Socimis, propietarios y representantes de las Administraciones P\u00fablicas para debatir y analizar el momento actual del alquiler.<\/span><\/p>\n<p><span style=\"font-size: 14pt; color: #000000;\">La inauguraci\u00f3n se realiz\u00f3 por Javier Mart\u00edn Ramiro, Director General de Vivienda y Suelo, y recogi\u00f3 tres paneles expositivos y dos mesas de debate con m\u00e1s de 30 participantes.<\/span><\/p>\n<p><span style=\"font-size: 14pt; color: #000000;\">Temas como el presente y futuro del mercado del alquiler en Espa\u00f1a, la profesionalizaci\u00f3n en el sector o el Seguro de Impagos y los Okupas acapararon la atenci\u00f3n de periodistas y medios de comunicaci\u00f3n.<\/span><\/p>\n<p><span style=\"font-size: 14pt; color: #000000;\">La estrategia de comunicaci\u00f3n de Oak Power PR se prepar\u00f3 durante los dos meses previos, lo que contribuy\u00f3 a una importante cobertura medi\u00e1tica. La pr\u00e1ctica totalidad de los medios sectoriales como Segunda Vivienda, El Inmobiliario Mes a Mes, Eje Prime o Pisos.com recogieron las informaciones difundidas, pero tambi\u00e9n agencias nacionales como Europa Press o medios digitales como Diario Siglo XX1.<\/span><\/p>\n<p><span style=\"font-size: 14pt; color: #000000;\">En total, se consiguieron m\u00e1s de 30 impactos con un alcance te\u00f3rico de m\u00e1s de 1,8 millones de receptores. Un buen resultado que tambi\u00e9n se refleja en la valoraci\u00f3n de los impactos logrados, seg\u00fan el par\u00e1metro del sector de la comunicaci\u00f3n, que asciende hasta los 185.000 euros.<\/span><\/p>\n<p><span style=\"font-size: 14pt; color: #000000;\">FICHA TECNICA<\/span><\/p>\n<ul>\n<li><span style=\"font-size: 14pt; color: #000000;\">37<strong> impactos recogidos<\/strong>.<\/span><\/li>\n<li><span style=\"font-size: 14pt; color: #000000;\">Duraci\u00f3n de\u00a0<strong>m\u00e1s de dos meses <\/strong>en los Medios de Comunicaci\u00f3n.<\/span><\/li>\n<li><span style=\"font-size: 14pt; color: #000000;\">M\u00e1s de\u00a0<strong>1,8 millones de receptores.<\/strong><\/span><\/li>\n<li><span style=\"font-size: 14pt; color: #000000;\"><strong>Valoraci\u00f3n<\/strong>\u00a0econ\u00f3mica\u00a0<strong>que asciende a los 185.000 euros<\/strong>.<\/span><\/li>\n<\/ul>\n<p>&nbsp;<\/p>\n","protected":false},"excerpt":{"rendered":"<p>La Jornada ARRENTA \u201cEspacio Alquiler 2023\u201d, que llega con vocaci\u00f3n de repetir convocatoria anualmente, ha reunido a profesionales inmobiliarios, Socimis, propietarios y representantes de las Administraciones P\u00fablicas para debatir y analizar el momento actual del alquiler. La inauguraci\u00f3n se realiz\u00f3 por Javier Mart\u00edn Ramiro, Director General de Vivienda y Suelo, y recogi\u00f3 tres paneles expositivos [&hellip;]<\/p>\n","protected":false},"author":2,"featured_media":2234,"comment_status":"closed","ping_status":"closed","sticky":false,"template":"","format":"standard","meta":{"om_disable_all_campaigns":false,"_monsterinsights_skip_tracking":false,"_monsterinsights_sitenote_active":false,"_monsterinsights_sitenote_note":"","_monsterinsights_sitenote_category":0,"footnotes":""},"categories":[65],"tags":[],"post_flags":[],"class_list":["post-2231","post","type-post","status-publish","format-standard","has-post-thumbnail","hentry","category-casos-de-exito"],"acf":[],"aioseo_notices":[],"_links":{"self":[{"href":"https:\/\/oakpower.es\/en\/wp-json\/wp\/v2\/posts\/2231","targetHints":{"allow":["GET"]}}],"collection":[{"href":"https:\/\/oakpower.es\/en\/wp-json\/wp\/v2\/posts"}],"about":[{"href":"https:\/\/oakpower.es\/en\/wp-json\/wp\/v2\/types\/post"}],"author":[{"embeddable":true,"href":"https:\/\/oakpower.es\/en\/wp-json\/wp\/v2\/users\/2"}],"replies":[{"embeddable":true,"href":"https:\/\/oakpower.es\/en\/wp-json\/wp\/v2\/comments?post=2231"}],"version-history":[{"count":2,"href":"https:\/\/oakpower.es\/en\/wp-json\/wp\/v2\/posts\/2231\/revisions"}],"predecessor-version":[{"id":2235,"href":"https:\/\/oakpower.es\/en\/wp-json\/wp\/v2\/posts\/2231\/revisions\/2235"}],"wp:featuredmedia":[{"embeddable":true,"href":"https:\/\/oakpower.es\/en\/wp-json\/wp\/v2\/media\/2234"}],"wp:attachment":[{"href":"https:\/\/oakpower.es\/en\/wp-json\/wp\/v2\/media?parent=2231"}],"wp:term":[{"taxonomy":"category","embeddable":true,"href":"https:\/\/oakpower.es\/en\/wp-json\/wp\/v2\/categories?post=2231"},{"taxonomy":"post_tag","embeddable":true,"href":"https:\/\/oakpower.es\/en\/wp-json\/wp\/v2\/tags?post=2231"},{"taxonomy":"post_flag","embeddable":true,"href":"https:\/\/oakpower.es\/en\/wp-json\/wp\/v2\/post_flags?post=2231"}],"curies":[{"name":"wp","href":"https:\/\/api.w.org\/{rel}","templated":true}]}}